{"id":940,"date":"2022-03-01T07:35:38","date_gmt":"2022-03-01T06:35:38","guid":{"rendered":"https:\/\/www.workcontrol.ch\/?p=940"},"modified":"2022-03-01T07:35:38","modified_gmt":"2022-03-01T06:35:38","slug":"bienvenue-a-alain-bielmann","status":"publish","type":"post","link":"https:\/\/www.workcontrol.ch\/fr\/bienvenue-a-alain-bielmann\/","title":{"rendered":"Bienvenue \u00e0 Alain Bielmann"},"content":{"rendered":"<div class=\"wp-block-columns  col-unset is-layout-flex wp-container-core-columns-is-layout-9d6595d7 wp-block-columns-is-layout-flex\">\n\n<div class=\"wp-block-column\"><div class=\"wp-block-column-inner is-layout-flow wp-block-column-is-layout-flow\">\n<figure class=\"wp-block-image size-large\"><img loading=\"lazy\" decoding=\"async\" width=\"1280\" height=\"1280\" src=\"https:\/\/www.workcontrol.ch\/wp-content\/uploads\/workcontrol_bielmann_alain_002_lower_quadrat-1280x1280.jpg\" alt=\"\" class=\"wp-image-948\" srcset=\"https:\/\/www.workcontrol.ch\/wp-content\/uploads\/workcontrol_bielmann_alain_002_lower_quadrat-1280x1280.jpg 1280w, https:\/\/www.workcontrol.ch\/wp-content\/uploads\/workcontrol_bielmann_alain_002_lower_quadrat-900x900.jpg 900w, https:\/\/www.workcontrol.ch\/wp-content\/uploads\/workcontrol_bielmann_alain_002_lower_quadrat-450x450.jpg 450w, https:\/\/www.workcontrol.ch\/wp-content\/uploads\/workcontrol_bielmann_alain_002_lower_quadrat-768x768.jpg 768w, https:\/\/www.workcontrol.ch\/wp-content\/uploads\/workcontrol_bielmann_alain_002_lower_quadrat-1536x1536.jpg 1536w, https:\/\/www.workcontrol.ch\/wp-content\/uploads\/workcontrol_bielmann_alain_002_lower_quadrat.jpg 1770w\" sizes=\"auto, (max-width: 1280px) 100vw, 1280px\" \/><\/figure>\n<\/div><\/div>\n\n<div class=\"wp-block-column\"><div class=\"wp-block-column-inner is-layout-flow wp-block-column-is-layout-flow\">\n<p>Depuis le 1<sup>er<\/sup>&nbsp;mars&nbsp;2022, Alain Bielmann soutient la direction de WORKCONTROL Suisse dans ses activit\u00e9s op\u00e9rationnelles. Sp\u00e9cialiste des finances et du droit du travail dot\u00e9 de plus de 15&nbsp;ans d\u2019exp\u00e9rience dans ce domaine, ce Suisse romand bilingue dispose du savoir-faire n\u00e9cessaire dans les relations avec les syndicats et les commissions paritaires nationales.<\/p>\n\n\n\n<p>En tant que directeur adjoint, Alain Bielmannn d\u00e9veloppera la plateforme de services pour le secteur de la construction, notamment en Suisse romande, \u00e9tablira le Key Account Management dans cette r\u00e9gion et m\u00e8nera les projets cl\u00e9s correspondants: \u00abJe suis ravi de pouvoir contribuer au positionnement durable de WORKCONTROL Suisse\u00bb.<\/p>\n<\/div><\/div>\n<\/div><!--\/ .wp-block-columns -->\n","protected":false},"excerpt":{"rendered":"<p>Alain Bielmann (40 ans) est le nouveau directeur adjoint de WORKCONTROL Suisse<\/p>\n<div class=\"wp-block-buttons\">\n<div class=\"wp-block-button is-style-wcs-btn btn-wcs-primary arrowed more-link\"><a class=\"wp-block-button__link\" href=\"https:\/\/www.workcontrol.ch\/fr\/bienvenue-a-alain-bielmann\/\">Lire la suite <span class=\"screen-reader-text\">Bienvenue \u00e0 Alain Bielmann<\/span><\/a><\/div>\n<\/div>\n","protected":false},"author":2,"featured_media":943,"comment_status":"closed","ping_status":"closed","sticky":false,"template":"","format":"standard","meta":{"footnotes":""},"categories":[13],"tags":[],"class_list":["post-940","post","type-post","status-publish","format-standard","has-post-thumbnail","hentry","category-corporate-fr","entry"],"yoast_head":"<!-- This site is optimized with the Yoast SEO plugin v27.2 - https:\/\/yoast.com\/product\/yoast-seo-wordpress\/ -->\n<title>Bienvenue \u00e0 Alain Bielmann - Workcontrol Suisse<\/title>\n<meta name=\"robots\" content=\"index, follow, max-snippet:-1, max-image-preview:large, max-video-preview:-1\" \/>\n<link rel=\"canonical\" href=\"https:\/\/www.workcontrol.ch\/fr\/bienvenue-a-alain-bielmann\/\" \/>\n<meta property=\"og:locale\" content=\"fr_FR\" \/>\n<meta property=\"og:type\" content=\"article\" \/>\n<meta property=\"og:title\" content=\"Bienvenue \u00e0 Alain Bielmann - Workcontrol Suisse\" \/>\n<meta property=\"og:description\" content=\"Alain Bielmann (40 ans) est le nouveau directeur adjoint de WORKCONTROL SuisseLire la suite Bienvenue \u00e0 Alain Bielmann\" \/>\n<meta property=\"og:url\" content=\"https:\/\/www.workcontrol.ch\/fr\/bienvenue-a-alain-bielmann\/\" \/>\n<meta property=\"og:site_name\" content=\"Workcontrol Suisse\" \/>\n<meta property=\"article:published_time\" content=\"2022-03-01T06:35:38+00:00\" \/>\n<meta property=\"og:image\" content=\"https:\/\/www.workcontrol.ch\/wp-content\/uploads\/workcontrol_bielmann_alain_002_lower-e1645533026352.jpg\" \/>\n\t<meta property=\"og:image:width\" content=\"1773\" \/>\n\t<meta property=\"og:image:height\" content=\"2364\" \/>\n\t<meta property=\"og:image:type\" content=\"image\/jpeg\" \/>\n<meta name=\"author\" content=\"Sandra Wetzel\" \/>\n<meta name=\"twitter:card\" content=\"summary_large_image\" \/>\n<script type=\"application\/ld+json\" class=\"yoast-schema-graph\">{\"@context\":\"https:\/\/schema.org\",\"@graph\":[{\"@type\":\"Article\",\"@id\":\"https:\/\/www.workcontrol.ch\/fr\/bienvenue-a-alain-bielmann\/#article\",\"isPartOf\":{\"@id\":\"https:\/\/www.workcontrol.ch\/fr\/bienvenue-a-alain-bielmann\/\"},\"author\":{\"name\":\"Sandra Wetzel\",\"@id\":\"https:\/\/www.workcontrol.ch\/fr\/#\/schema\/person\/c1aa456b71f145fc871efd7db778563e\"},\"headline\":\"Bienvenue \u00e0 Alain Bielmann\",\"datePublished\":\"2022-03-01T06:35:38+00:00\",\"mainEntityOfPage\":{\"@id\":\"https:\/\/www.workcontrol.ch\/fr\/bienvenue-a-alain-bielmann\/\"},\"wordCount\":116,\"publisher\":{\"@id\":\"https:\/\/www.workcontrol.ch\/fr\/#organization\"},\"image\":{\"@id\":\"https:\/\/www.workcontrol.ch\/fr\/bienvenue-a-alain-bielmann\/#primaryimage\"},\"thumbnailUrl\":\"https:\/\/www.workcontrol.ch\/wp-content\/uploads\/workcontrol_bielmann_alain_002_lower-e1645533026352.jpg\",\"articleSection\":[\"Corporate\"],\"inLanguage\":\"fr-FR\"},{\"@type\":\"WebPage\",\"@id\":\"https:\/\/www.workcontrol.ch\/fr\/bienvenue-a-alain-bielmann\/\",\"url\":\"https:\/\/www.workcontrol.ch\/fr\/bienvenue-a-alain-bielmann\/\",\"name\":\"Bienvenue \u00e0 Alain Bielmann - Workcontrol Suisse\",\"isPartOf\":{\"@id\":\"https:\/\/www.workcontrol.ch\/fr\/#website\"},\"primaryImageOfPage\":{\"@id\":\"https:\/\/www.workcontrol.ch\/fr\/bienvenue-a-alain-bielmann\/#primaryimage\"},\"image\":{\"@id\":\"https:\/\/www.workcontrol.ch\/fr\/bienvenue-a-alain-bielmann\/#primaryimage\"},\"thumbnailUrl\":\"https:\/\/www.workcontrol.ch\/wp-content\/uploads\/workcontrol_bielmann_alain_002_lower-e1645533026352.jpg\",\"datePublished\":\"2022-03-01T06:35:38+00:00\",\"breadcrumb\":{\"@id\":\"https:\/\/www.workcontrol.ch\/fr\/bienvenue-a-alain-bielmann\/#breadcrumb\"},\"inLanguage\":\"fr-FR\",\"potentialAction\":[{\"@type\":\"ReadAction\",\"target\":[\"https:\/\/www.workcontrol.ch\/fr\/bienvenue-a-alain-bielmann\/\"]}]},{\"@type\":\"ImageObject\",\"inLanguage\":\"fr-FR\",\"@id\":\"https:\/\/www.workcontrol.ch\/fr\/bienvenue-a-alain-bielmann\/#primaryimage\",\"url\":\"https:\/\/www.workcontrol.ch\/wp-content\/uploads\/workcontrol_bielmann_alain_002_lower-e1645533026352.jpg\",\"contentUrl\":\"https:\/\/www.workcontrol.ch\/wp-content\/uploads\/workcontrol_bielmann_alain_002_lower-e1645533026352.jpg\",\"width\":1773,\"height\":2364},{\"@type\":\"BreadcrumbList\",\"@id\":\"https:\/\/www.workcontrol.ch\/fr\/bienvenue-a-alain-bielmann\/#breadcrumb\",\"itemListElement\":[{\"@type\":\"ListItem\",\"position\":1,\"name\":\"Home\",\"item\":\"https:\/\/www.workcontrol.ch\/fr\/\"},{\"@type\":\"ListItem\",\"position\":2,\"name\":\"Bienvenue \u00e0 Alain Bielmann\"}]},{\"@type\":\"WebSite\",\"@id\":\"https:\/\/www.workcontrol.ch\/fr\/#website\",\"url\":\"https:\/\/www.workcontrol.ch\/fr\/\",\"name\":\"Workcontrol Suisse\",\"description\":\"Entsendegesetz und Solidarhaftung gemeinsam umgesetzt\",\"publisher\":{\"@id\":\"https:\/\/www.workcontrol.ch\/fr\/#organization\"},\"potentialAction\":[{\"@type\":\"SearchAction\",\"target\":{\"@type\":\"EntryPoint\",\"urlTemplate\":\"https:\/\/www.workcontrol.ch\/fr\/?s={search_term_string}\"},\"query-input\":{\"@type\":\"PropertyValueSpecification\",\"valueRequired\":true,\"valueName\":\"search_term_string\"}}],\"inLanguage\":\"fr-FR\"},{\"@type\":\"Organization\",\"@id\":\"https:\/\/www.workcontrol.ch\/fr\/#organization\",\"name\":\"WORKCONTROL Suisse AG\",\"url\":\"https:\/\/www.workcontrol.ch\/fr\/\",\"logo\":{\"@type\":\"ImageObject\",\"inLanguage\":\"fr-FR\",\"@id\":\"https:\/\/www.workcontrol.ch\/fr\/#\/schema\/logo\/image\/\",\"url\":\"https:\/\/www.workcontrol.ch\/wp-content\/uploads\/logo-workcontrol-suisse.png\",\"contentUrl\":\"https:\/\/www.workcontrol.ch\/wp-content\/uploads\/logo-workcontrol-suisse.png\",\"width\":538,\"height\":128,\"caption\":\"WORKCONTROL Suisse AG\"},\"image\":{\"@id\":\"https:\/\/www.workcontrol.ch\/fr\/#\/schema\/logo\/image\/\"},\"sameAs\":[\"https:\/\/www.linkedin.com\/company\/workcontrol-suisse\/\"]},{\"@type\":\"Person\",\"@id\":\"https:\/\/www.workcontrol.ch\/fr\/#\/schema\/person\/c1aa456b71f145fc871efd7db778563e\",\"name\":\"Sandra Wetzel\",\"image\":{\"@type\":\"ImageObject\",\"inLanguage\":\"fr-FR\",\"@id\":\"https:\/\/secure.gravatar.com\/avatar\/f022453c24de135ac8d98ee05973c800f3c807bb7591003b32adf452d588047b?s=96&d=monsterid&r=g\",\"url\":\"https:\/\/secure.gravatar.com\/avatar\/f022453c24de135ac8d98ee05973c800f3c807bb7591003b32adf452d588047b?s=96&d=monsterid&r=g\",\"contentUrl\":\"https:\/\/secure.gravatar.com\/avatar\/f022453c24de135ac8d98ee05973c800f3c807bb7591003b32adf452d588047b?s=96&d=monsterid&r=g\",\"caption\":\"Sandra Wetzel\"}}]}<\/script>\n<!-- \/ Yoast SEO plugin. -->","yoast_head_json":{"title":"Bienvenue \u00e0 Alain Bielmann - Workcontrol Suisse","robots":{"index":"index","follow":"follow","max-snippet":"max-snippet:-1","max-image-preview":"max-image-preview:large","max-video-preview":"max-video-preview:-1"},"canonical":"https:\/\/www.workcontrol.ch\/fr\/bienvenue-a-alain-bielmann\/","og_locale":"fr_FR","og_type":"article","og_title":"Bienvenue \u00e0 Alain Bielmann - Workcontrol Suisse","og_description":"Alain Bielmann (40 ans) est le nouveau directeur adjoint de WORKCONTROL SuisseLire la suite Bienvenue \u00e0 Alain Bielmann","og_url":"https:\/\/www.workcontrol.ch\/fr\/bienvenue-a-alain-bielmann\/","og_site_name":"Workcontrol Suisse","article_published_time":"2022-03-01T06:35:38+00:00","og_image":[{"width":1773,"height":2364,"url":"https:\/\/www.workcontrol.ch\/wp-content\/uploads\/workcontrol_bielmann_alain_002_lower-e1645533026352.jpg","type":"image\/jpeg"}],"author":"Sandra Wetzel","twitter_card":"summary_large_image","schema":{"@context":"https:\/\/schema.org","@graph":[{"@type":"Article","@id":"https:\/\/www.workcontrol.ch\/fr\/bienvenue-a-alain-bielmann\/#article","isPartOf":{"@id":"https:\/\/www.workcontrol.ch\/fr\/bienvenue-a-alain-bielmann\/"},"author":{"name":"Sandra Wetzel","@id":"https:\/\/www.workcontrol.ch\/fr\/#\/schema\/person\/c1aa456b71f145fc871efd7db778563e"},"headline":"Bienvenue \u00e0 Alain Bielmann","datePublished":"2022-03-01T06:35:38+00:00","mainEntityOfPage":{"@id":"https:\/\/www.workcontrol.ch\/fr\/bienvenue-a-alain-bielmann\/"},"wordCount":116,"publisher":{"@id":"https:\/\/www.workcontrol.ch\/fr\/#organization"},"image":{"@id":"https:\/\/www.workcontrol.ch\/fr\/bienvenue-a-alain-bielmann\/#primaryimage"},"thumbnailUrl":"https:\/\/www.workcontrol.ch\/wp-content\/uploads\/workcontrol_bielmann_alain_002_lower-e1645533026352.jpg","articleSection":["Corporate"],"inLanguage":"fr-FR"},{"@type":"WebPage","@id":"https:\/\/www.workcontrol.ch\/fr\/bienvenue-a-alain-bielmann\/","url":"https:\/\/www.workcontrol.ch\/fr\/bienvenue-a-alain-bielmann\/","name":"Bienvenue \u00e0 Alain Bielmann - Workcontrol Suisse","isPartOf":{"@id":"https:\/\/www.workcontrol.ch\/fr\/#website"},"primaryImageOfPage":{"@id":"https:\/\/www.workcontrol.ch\/fr\/bienvenue-a-alain-bielmann\/#primaryimage"},"image":{"@id":"https:\/\/www.workcontrol.ch\/fr\/bienvenue-a-alain-bielmann\/#primaryimage"},"thumbnailUrl":"https:\/\/www.workcontrol.ch\/wp-content\/uploads\/workcontrol_bielmann_alain_002_lower-e1645533026352.jpg","datePublished":"2022-03-01T06:35:38+00:00","breadcrumb":{"@id":"https:\/\/www.workcontrol.ch\/fr\/bienvenue-a-alain-bielmann\/#breadcrumb"},"inLanguage":"fr-FR","potentialAction":[{"@type":"ReadAction","target":["https:\/\/www.workcontrol.ch\/fr\/bienvenue-a-alain-bielmann\/"]}]},{"@type":"ImageObject","inLanguage":"fr-FR","@id":"https:\/\/www.workcontrol.ch\/fr\/bienvenue-a-alain-bielmann\/#primaryimage","url":"https:\/\/www.workcontrol.ch\/wp-content\/uploads\/workcontrol_bielmann_alain_002_lower-e1645533026352.jpg","contentUrl":"https:\/\/www.workcontrol.ch\/wp-content\/uploads\/workcontrol_bielmann_alain_002_lower-e1645533026352.jpg","width":1773,"height":2364},{"@type":"BreadcrumbList","@id":"https:\/\/www.workcontrol.ch\/fr\/bienvenue-a-alain-bielmann\/#breadcrumb","itemListElement":[{"@type":"ListItem","position":1,"name":"Home","item":"https:\/\/www.workcontrol.ch\/fr\/"},{"@type":"ListItem","position":2,"name":"Bienvenue \u00e0 Alain Bielmann"}]},{"@type":"WebSite","@id":"https:\/\/www.workcontrol.ch\/fr\/#website","url":"https:\/\/www.workcontrol.ch\/fr\/","name":"Workcontrol Suisse","description":"Entsendegesetz und Solidarhaftung gemeinsam umgesetzt","publisher":{"@id":"https:\/\/www.workcontrol.ch\/fr\/#organization"},"potentialAction":[{"@type":"SearchAction","target":{"@type":"EntryPoint","urlTemplate":"https:\/\/www.workcontrol.ch\/fr\/?s={search_term_string}"},"query-input":{"@type":"PropertyValueSpecification","valueRequired":true,"valueName":"search_term_string"}}],"inLanguage":"fr-FR"},{"@type":"Organization","@id":"https:\/\/www.workcontrol.ch\/fr\/#organization","name":"WORKCONTROL Suisse AG","url":"https:\/\/www.workcontrol.ch\/fr\/","logo":{"@type":"ImageObject","inLanguage":"fr-FR","@id":"https:\/\/www.workcontrol.ch\/fr\/#\/schema\/logo\/image\/","url":"https:\/\/www.workcontrol.ch\/wp-content\/uploads\/logo-workcontrol-suisse.png","contentUrl":"https:\/\/www.workcontrol.ch\/wp-content\/uploads\/logo-workcontrol-suisse.png","width":538,"height":128,"caption":"WORKCONTROL Suisse AG"},"image":{"@id":"https:\/\/www.workcontrol.ch\/fr\/#\/schema\/logo\/image\/"},"sameAs":["https:\/\/www.linkedin.com\/company\/workcontrol-suisse\/"]},{"@type":"Person","@id":"https:\/\/www.workcontrol.ch\/fr\/#\/schema\/person\/c1aa456b71f145fc871efd7db778563e","name":"Sandra Wetzel","image":{"@type":"ImageObject","inLanguage":"fr-FR","@id":"https:\/\/secure.gravatar.com\/avatar\/f022453c24de135ac8d98ee05973c800f3c807bb7591003b32adf452d588047b?s=96&d=monsterid&r=g","url":"https:\/\/secure.gravatar.com\/avatar\/f022453c24de135ac8d98ee05973c800f3c807bb7591003b32adf452d588047b?s=96&d=monsterid&r=g","contentUrl":"https:\/\/secure.gravatar.com\/avatar\/f022453c24de135ac8d98ee05973c800f3c807bb7591003b32adf452d588047b?s=96&d=monsterid&r=g","caption":"Sandra Wetzel"}}]}},"_links":{"self":[{"href":"https:\/\/www.workcontrol.ch\/fr\/wp-json\/wp\/v2\/posts\/940","targetHints":{"allow":["GET"]}}],"collection":[{"href":"https:\/\/www.workcontrol.ch\/fr\/wp-json\/wp\/v2\/posts"}],"about":[{"href":"https:\/\/www.workcontrol.ch\/fr\/wp-json\/wp\/v2\/types\/post"}],"author":[{"embeddable":true,"href":"https:\/\/www.workcontrol.ch\/fr\/wp-json\/wp\/v2\/users\/2"}],"replies":[{"embeddable":true,"href":"https:\/\/www.workcontrol.ch\/fr\/wp-json\/wp\/v2\/comments?post=940"}],"version-history":[{"count":3,"href":"https:\/\/www.workcontrol.ch\/fr\/wp-json\/wp\/v2\/posts\/940\/revisions"}],"predecessor-version":[{"id":956,"href":"https:\/\/www.workcontrol.ch\/fr\/wp-json\/wp\/v2\/posts\/940\/revisions\/956"}],"wp:featuredmedia":[{"embeddable":true,"href":"https:\/\/www.workcontrol.ch\/fr\/wp-json\/wp\/v2\/media\/943"}],"wp:attachment":[{"href":"https:\/\/www.workcontrol.ch\/fr\/wp-json\/wp\/v2\/media?parent=940"}],"wp:term":[{"taxonomy":"category","embeddable":true,"href":"https:\/\/www.workcontrol.ch\/fr\/wp-json\/wp\/v2\/categories?post=940"},{"taxonomy":"post_tag","embeddable":true,"href":"https:\/\/www.workcontrol.ch\/fr\/wp-json\/wp\/v2\/tags?post=940"}],"curies":[{"name":"wp","href":"https:\/\/api.w.org\/{rel}","templated":true}]}}